{"id":9631,"date":"2014-07-28T12:07:24","date_gmt":"2014-07-28T12:07:24","guid":{"rendered":"http:\/\/spanish.en-desarrollo.net\/2014\/07\/28\/financial-forum-european-emerging-markets\/"},"modified":"2014-07-28T12:07:24","modified_gmt":"2014-07-28T12:07:24","slug":"financial-forum-european-emerging-markets","status":"publish","type":"post","link":"https:\/\/spanishchamber.co.uk\/es\/2014\/07\/28\/financial-forum-european-emerging-markets\/","title":{"rendered":"Financial Forum: European Emerging Markets."},"content":{"rendered":"<p>On Thursday 9th July the Financial Forum of the Spanish Chamber of Commerce organised it&#8217;s\u00a0third meeting since it was launched in January 2014. The gathering was held in London at the European Bank for Reconstruction and Development (EBRD). The Financial Forum belongs to and is managed exclusively by the Spanish Chamber of Commerce in Great Britain. Its main function is to bring together Spanish professionals from the City and provide them with a platform to promote the dialogue, share best practices and exchange ideas about the current economic and financial context.<\/p>\n<div id=\"attachment_1999\" style=\"width: 650px\" class=\"wp-caption aligncenter\"><img decoding=\"async\" aria-describedby=\"caption-attachment-1999\" class=\"size-full wp-image-1999\" src=\"https:\/\/spanishchamber.co.uk\/wp-content\/uploads\/2014\/07\/img_2994.jpg\" alt=\"The meeting took place at the EBRD great room\" width=\"640\" height=\"480\" srcset=\"https:\/\/spanishchamber.co.uk\/wp-content\/uploads\/2014\/07\/img_2994.jpg 3648w, https:\/\/spanishchamber.co.uk\/wp-content\/uploads\/2014\/07\/img_2994-300x225.jpg 300w, https:\/\/spanishchamber.co.uk\/wp-content\/uploads\/2014\/07\/img_2994-768x576.jpg 768w, https:\/\/spanishchamber.co.uk\/wp-content\/uploads\/2014\/07\/img_2994-1024x768.jpg 1024w, https:\/\/spanishchamber.co.uk\/wp-content\/uploads\/2014\/07\/img_2994-510x382.jpg 510w, https:\/\/spanishchamber.co.uk\/wp-content\/uploads\/2014\/07\/img_2994-1080x810.jpg 1080w, https:\/\/spanishchamber.co.uk\/wp-content\/uploads\/2014\/07\/img_2994-600x450.jpg 600w\" sizes=\"(max-width: 640px) 100vw, 640px\" \/><p id=\"caption-attachment-1999\" class=\"wp-caption-text\">The meeting took place at the EBRD\u00a0premises in central London.<\/p><\/div>\n<p>The session, which was presided by Prof. Ahmad Rahnema, Chairman of the Forum, focused on \u201cEuropean Emerging Markets: the Ukrainian and Russian Crisis\u201d. Mr. Philip Bennett, First Vice President, Chief Operating Officer of the EBRD and member of the Bank\u2019s Executive Committee, \u00a0addressed attendees and highlighted the importance of long term investments for the economies of these countries to move forward. As he explained, Ukrainian economy is going through a painful adjustment in order to attract foreign capital while Russia presents a much more delicate scenario where the confidence of the investor is weakening.<\/p>\n<div id=\"attachment_2001\" style=\"width: 650px\" class=\"wp-caption aligncenter\"><img decoding=\"async\" aria-describedby=\"caption-attachment-2001\" class=\"wp-image-2001 size-full\" src=\"http:\/\/spanishchamberofcommmerceingreatbritain.files.wordpress.com\/2014\/07\/img_2982-e1405691535426.jpg\" alt=\"L to R. Mr. Barrachina, Mr. Oporto, Mr. Bennett and Mr. Rahnema\" width=\"640\" height=\"853\" srcset=\"https:\/\/spanishchamber.co.uk\/wp-content\/uploads\/2014\/07\/img_2982-e1405691535426.jpg 2736w, https:\/\/spanishchamber.co.uk\/wp-content\/uploads\/2014\/07\/img_2982-e1405691535426-225x300.jpg 225w, https:\/\/spanishchamber.co.uk\/wp-content\/uploads\/2014\/07\/img_2982-e1405691535426-768x1024.jpg 768w, https:\/\/spanishchamber.co.uk\/wp-content\/uploads\/2014\/07\/img_2982-e1405691535426-1080x1440.jpg 1080w, https:\/\/spanishchamber.co.uk\/wp-content\/uploads\/2014\/07\/img_2982-e1405691535426-600x800.jpg 600w\" sizes=\"(max-width: 640px) 100vw, 640px\" \/><p id=\"caption-attachment-2001\" class=\"wp-caption-text\">From left to right: Mr. Eduardo Barrachina, Mr. Antonio Oporto, Mr. Philip Bennett, Prof. Ahmad Rahnema and Mr. Javier Fern\u00e1ndez Hidalgo.<\/p><\/div>\n<p>The Forum counted with the privilege attendance of Mr. Antonio Oporto, Board Director for Spain and Mexico of the EBRD; Mr. Javier Fern\u00e1ndez Hidalgo, President of the Spanish Chamber of Commerce in Great Britain and Mr. Eduardo Barrachina from White &amp; Case and Treasurer\u00a0of the Spanish Chamber of Commerce. This time, representatives from BBVA, Deloitte, Deutsche Bank, Dragados, EBRD, Ferrovial, HSBC, IESE, JP Morgan, Lloyds Bank, Mapfre, Morgan Stanley, Soci\u00e9t\u00e9 G\u00e9n\u00e9rale, and Ur\u00eda Men\u00e9ndez were in attendance.<\/p>\n<div id=\"attachment_2000\" style=\"width: 650px\" class=\"wp-caption aligncenter\"><img decoding=\"async\" aria-describedby=\"caption-attachment-2000\" class=\"size-full wp-image-2000\" src=\"https:\/\/spanishchamber.co.uk\/wp-content\/uploads\/2014\/07\/img_2937.jpg\" alt=\"Some of our guests at the arrival of the conference \" width=\"640\" height=\"480\" srcset=\"https:\/\/spanishchamber.co.uk\/wp-content\/uploads\/2014\/07\/img_2937.jpg 3648w, https:\/\/spanishchamber.co.uk\/wp-content\/uploads\/2014\/07\/img_2937-300x225.jpg 300w, https:\/\/spanishchamber.co.uk\/wp-content\/uploads\/2014\/07\/img_2937-768x576.jpg 768w, https:\/\/spanishchamber.co.uk\/wp-content\/uploads\/2014\/07\/img_2937-1024x768.jpg 1024w, https:\/\/spanishchamber.co.uk\/wp-content\/uploads\/2014\/07\/img_2937-510x382.jpg 510w, https:\/\/spanishchamber.co.uk\/wp-content\/uploads\/2014\/07\/img_2937-1080x810.jpg 1080w, https:\/\/spanishchamber.co.uk\/wp-content\/uploads\/2014\/07\/img_2937-600x450.jpg 600w\" sizes=\"(max-width: 640px) 100vw, 640px\" \/><p id=\"caption-attachment-2000\" class=\"wp-caption-text\">Attendees greeted each other moments before\u00a0the event started.<\/p><\/div>\n<p>After the session and subsequent Q&amp;A, attendees were kindly invited to move on to the reception area where they could enjoy a selection of products from the markets where the EBRD is currently present. Some of the great products\u00a0they enjoyed were Efes Pilsen, a refreshing Turkish beer as well as\u00a0Marani red &amp; white wines from Georgia.<\/p>\n<div id=\"attachment_2003\" style=\"width: 650px\" class=\"wp-caption aligncenter\"><img decoding=\"async\" aria-describedby=\"caption-attachment-2003\" class=\"wp-image-2003 size-full\" src=\"https:\/\/spanishchamber.co.uk\/wp-content\/uploads\/2014\/07\/img_30581.jpg\" alt=\"IMG_3058\" width=\"640\" height=\"337\" srcset=\"https:\/\/spanishchamber.co.uk\/wp-content\/uploads\/2014\/07\/img_30581.jpg 3648w, https:\/\/spanishchamber.co.uk\/wp-content\/uploads\/2014\/07\/img_30581-300x158.jpg 300w, https:\/\/spanishchamber.co.uk\/wp-content\/uploads\/2014\/07\/img_30581-768x405.jpg 768w, https:\/\/spanishchamber.co.uk\/wp-content\/uploads\/2014\/07\/img_30581-1024x540.jpg 1024w, https:\/\/spanishchamber.co.uk\/wp-content\/uploads\/2014\/07\/img_30581-1080x570.jpg 1080w, https:\/\/spanishchamber.co.uk\/wp-content\/uploads\/2014\/07\/img_30581-600x316.jpg 600w\" sizes=\"(max-width: 640px) 100vw, 640px\" \/><p id=\"caption-attachment-2003\" class=\"wp-caption-text\">Our guests\u00a0tasted some original products during the cocktail.<\/p><\/div>\n<p>We would like to thank all guests and the kind host EBRD for their support and participation in the Financial Forum of the Spanish Chamber. Lastly, if you are interested in the events of\u00a0the Chamber\u00a0and want to be informed on\u00a0our current activities, please <a href=\"http:\/\/http:\/\/www.spanishchamber.co.uk\/\">click on this link<\/a> to complete the form that you will find at the bottom of the page and subscribe to our weekly newsletter.<\/p>\n<!-- AddThis Advanced Settings generic via filter on the_content --><!-- AddThis Share Buttons generic via filter on the_content -->","protected":false},"excerpt":{"rendered":"<p>On Thursday 9th July the Financial Forum of the Spanish Chamber of Commerce organised it&#8217;s\u00a0third meeting since it was launched in January 2014. The gathering was held in London at the European Bank for Reconstruction and Development (EBRD). The Financial Forum belongs to and is managed exclusively by the Spanish Chamber of Commerce in Great [&hellip;]<!-- AddThis Advanced Settings generic via filter on get_the_excerpt --><!-- AddThis Share Buttons generic via filter on get_the_excerpt --><\/p>\n","protected":false},"author":1,"featured_media":0,"comment_status":"open","ping_status":"open","sticky":false,"template":"","format":"standard","meta":{"_et_pb_use_builder":"","_et_pb_old_content":"","_et_gb_content_width":"","footnotes":""},"categories":[992,1065],"tags":[1097,1273,1669,1670,1671,1053,1672,1059,1368,1673,1674],"_links":{"self":[{"href":"https:\/\/spanishchamber.co.uk\/es\/wp-json\/wp\/v2\/posts\/9631"}],"collection":[{"href":"https:\/\/spanishchamber.co.uk\/es\/wp-json\/wp\/v2\/posts"}],"about":[{"href":"https:\/\/spanishchamber.co.uk\/es\/wp-json\/wp\/v2\/types\/post"}],"author":[{"embeddable":true,"href":"https:\/\/spanishchamber.co.uk\/es\/wp-json\/wp\/v2\/users\/1"}],"replies":[{"embeddable":true,"href":"https:\/\/spanishchamber.co.uk\/es\/wp-json\/wp\/v2\/comments?post=9631"}],"version-history":[{"count":0,"href":"https:\/\/spanishchamber.co.uk\/es\/wp-json\/wp\/v2\/posts\/9631\/revisions"}],"wp:attachment":[{"href":"https:\/\/spanishchamber.co.uk\/es\/wp-json\/wp\/v2\/media?parent=9631"}],"wp:term":[{"taxonomy":"category","embeddable":true,"href":"https:\/\/spanishchamber.co.uk\/es\/wp-json\/wp\/v2\/categories?post=9631"},{"taxonomy":"post_tag","embeddable":true,"href":"https:\/\/spanishchamber.co.uk\/es\/wp-json\/wp\/v2\/tags?post=9631"}],"curies":[{"name":"wp","href":"https:\/\/api.w.org\/{rel}","templated":true}]}}